{"id":8945,"date":"2025-09-11T13:28:07","date_gmt":"2025-09-11T13:28:07","guid":{"rendered":"https:\/\/www.europeancoalitions.eu\/?p=8945"},"modified":"2025-09-11T13:28:08","modified_gmt":"2025-09-11T13:28:08","slug":"communique-de-presse-les-coalitions-europeennes-pour-la-diversite-culturelle-regrettent-labsence-de-la-culture-dans-le-discours-sur-letat-de-lunion-de-lue","status":"publish","type":"post","link":"https:\/\/www.europeancoalitions.eu\/fr\/communiques-de-presse\/communique-de-presse-les-coalitions-europeennes-pour-la-diversite-culturelle-regrettent-labsence-de-la-culture-dans-le-discours-sur-letat-de-lunion-de-lue\/","title":{"rendered":"Communiqu\u00e9 de presse : Les Coalitions europ\u00e9ennes pour la diversit\u00e9 culturelle regrettent l&rsquo;absence de la culture dans le discours sur l&rsquo;\u00e9tat de l&rsquo;Union de l&rsquo;UE"},"content":{"rendered":"\n<p>Les Coalitions europ\u00e9ennes pour la diversit\u00e9 culturelle regrettent l&rsquo;absence de toute mention de la \u00ab culture \u00bb dans le <a href=\"https:\/\/ec.europa.eu\/commission\/presscorner\/detail\/en\/SPEECH_25_2053\">discours sur l&rsquo;\u00e9tat de l&rsquo;Union 2025 <\/a>prononc\u00e9 par la pr\u00e9sidente Von der Leyen devant le Parlement europ\u00e9en.<\/p>\n\n\n\n<p>Sur les quelque 8 816 mots consacr\u00e9s \u00e0 la souverainet\u00e9, \u00e0 la s\u00e9curit\u00e9, \u00e0 l&rsquo;ind\u00e9pendance technologique, \u00e0 la croissance \u00e9conomique et \u00e0 l&rsquo;avenir d\u00e9mocratique de l&rsquo;Europe, pas un seul n&rsquo;\u00e9tait consacr\u00e9 \u00e0 la culture, \u00e0 la cr\u00e9ativit\u00e9 ou aux d\u00e9fis auxquels elles sont confront\u00e9es dans l&rsquo;environnement num\u00e9rique. Dans un monde o\u00f9 l&rsquo;Europe est confront\u00e9e \u00e0 de multiples menaces \u2013 g\u00e9opolitiques, technologiques, climatiques, \u00e9conomiques \u2013, le maintien de la diversit\u00e9 culturelle n&rsquo;est pas un luxe. C&rsquo;est un atout strat\u00e9gique et historique, un vecteur de r\u00e9silience d\u00e9mocratique, un facteur de dynamisme \u00e9conomique et un d\u00e9fi majeur que l&rsquo;Union europ\u00e9enne doit relever avec ambition.<\/p>\n\n\n\n<p>Les coalitions europ\u00e9ennes soulignent que l&rsquo;Union europ\u00e9enne a, par le pass\u00e9, su mettre en place un cadre protecteur pour la cr\u00e9ation. Gr\u00e2ce notamment aux directives sur les services de m\u00e9dias audiovisuels et le droit d&rsquo;auteur, l&rsquo;Europe a pu mettre en \u0153uvre des politiques qui ont trouv\u00e9 un \u00e9quilibre entre le d\u00e9veloppement des services num\u00e9riques, le respect des droits des cr\u00e9ateurs et le maintien d&rsquo;un soutien fort aux \u0153uvres cr\u00e9atives europ\u00e9ennes.<\/p>\n\n\n\n<p>Plus r\u00e9cemment, la r\u00e9glementation sur l&rsquo;IA a \u00e9galement consacr\u00e9 l&rsquo;application du droit de la propri\u00e9t\u00e9 intellectuelle aux services d&rsquo;IA, m\u00eame si l&rsquo;adoption r\u00e9cente d&rsquo;un code de bonnes pratiques par la Commission europ\u00e9enne a profond\u00e9ment d\u00e9\u00e7u tous ceux qui refusent de voir le droit d&rsquo;auteur et les moyens de subsistance des cr\u00e9ateurs mis \u00e0 mal. L&rsquo;absence incompr\u00e9hensible de toute r\u00e9f\u00e9rence \u00e0 la culture et \u00e0 la cr\u00e9ativit\u00e9 est d&rsquo;autant plus regrettable compte tenu de la transformation radicale induite par l&rsquo;intelligence artificielle et des menaces de d\u00e9r\u00e9glementation venant de l&rsquo;ext\u00e9rieur, en particulier des \u00c9tats-Unis.<\/p>\n\n\n\n<p>Face \u00e0 ces risques pour notre mod\u00e8le culturel et, \u00e0 l&rsquo;avenir, pour nos politiques culturelles, il est plus que jamais n\u00e9cessaire que l&rsquo;Europe r\u00e9affirme son engagement clair et r\u00e9solu en faveur de la cr\u00e9ativit\u00e9 et de la diversit\u00e9 culturelle d&rsquo;expression. Cette occasion manqu\u00e9e par le pr\u00e9sident de la Commission europ\u00e9enne renforce la d\u00e9termination des coalitions \u00e0 replacer la culture au c\u0153ur de l&rsquo;agenda et du projet europ\u00e9ens. Car l&rsquo;Europe ne peut \u00eatre forte et ind\u00e9pendante sans une politique culturelle ambitieuse.<\/p>\n","protected":false},"excerpt":{"rendered":"<p>Les Coalitions europ\u00e9ennes pour la diversit\u00e9 culturelle regrettent l&rsquo;absence de toute mention de la \u00ab culture \u00bb dans le discours sur l&rsquo;\u00e9tat de l&rsquo;Union 2025 prononc\u00e9 par la pr\u00e9sidente Von der Leyen devant le Parlement europ\u00e9en. Sur les quelque 8 816 mots consacr\u00e9s \u00e0 la souverainet\u00e9, \u00e0 la s\u00e9curit\u00e9, \u00e0 l&rsquo;ind\u00e9pendance technologique, \u00e0 la croissance [&hellip;]<\/p>\n","protected":false},"author":5,"featured_media":8696,"comment_status":"closed","ping_status":"closed","sticky":false,"template":"","format":"standard","meta":{"_acf_changed":false,"site-sidebar-layout":"default","site-content-layout":"","ast-site-content-layout":"default","site-content-style":"default","site-sidebar-style":"default","ast-global-header-display":"","ast-banner-title-visibility":"","ast-main-header-display":"","ast-hfb-above-header-display":"","ast-hfb-below-header-display":"","ast-hfb-mobile-header-display":"","site-post-title":"","ast-breadcrumbs-content":"","ast-featured-img":"","footer-sml-layout":"","theme-transparent-header-meta":"","adv-header-id-meta":"","stick-header-meta":"","header-above-stick-meta":"","header-main-stick-meta":"","header-below-stick-meta":"","astra-migrate-meta-layouts":"set","ast-page-background-enabled":"default","ast-page-background-meta":{"desktop":{"background-color":"var(--ast-global-color-4)","background-image":"","background-repeat":"repeat","background-position":"center center","background-size":"auto","background-attachment":"scroll","background-type":"","background-media":"","overlay-type":"","overlay-color":"","overlay-opacity":"","overlay-gradient":""},"tablet":{"background-color":"","background-image":"","background-repeat":"repeat","background-position":"center center","background-size":"auto","background-attachment":"scroll","background-type":"","background-media":"","overlay-type":"","overlay-color":"","overlay-opacity":"","overlay-gradient":""},"mobile":{"background-color":"","background-image":"","background-repeat":"repeat","background-position":"center center","background-size":"auto","background-attachment":"scroll","background-type":"","background-media":"","overlay-type":"","overlay-color":"","overlay-opacity":"","overlay-gradient":""}},"ast-content-background-meta":{"desktop":{"background-color":"var(--ast-global-color-5)","background-image":"","background-repeat":"repeat","background-position":"center center","background-size":"auto","background-attachment":"scroll","background-type":"","background-media":"","overlay-type":"","overlay-color":"","overlay-opacity":"","overlay-gradient":""},"tablet":{"background-color":"var(--ast-global-color-5)","background-image":"","background-repeat":"repeat","background-position":"center center","background-size":"auto","background-attachment":"scroll","background-type":"","background-media":"","overlay-type":"","overlay-color":"","overlay-opacity":"","overlay-gradient":""},"mobile":{"background-color":"var(--ast-global-color-5)","background-image":"","background-repeat":"repeat","background-position":"center center","background-size":"auto","background-attachment":"scroll","background-type":"","background-media":"","overlay-type":"","overlay-color":"","overlay-opacity":"","overlay-gradient":""}},"pgc_sgb_lightbox_settings":"","wds_primary_category":102,"footnotes":""},"categories":[102,32],"tags":[55,106,105,104],"class_list":["post-8945","post","type-post","status-publish","format-standard","has-post-thumbnail","hentry","category-communiques-de-presse","category-positions-fr","tag-communique-de-presse","tag-culture-2","tag-discours-sur-letat-de-lunion","tag-ursula-von-der-leyen-2"],"acf":[],"_links":{"self":[{"href":"https:\/\/www.europeancoalitions.eu\/fr\/wp-json\/wp\/v2\/posts\/8945","targetHints":{"allow":["GET"]}}],"collection":[{"href":"https:\/\/www.europeancoalitions.eu\/fr\/wp-json\/wp\/v2\/posts"}],"about":[{"href":"https:\/\/www.europeancoalitions.eu\/fr\/wp-json\/wp\/v2\/types\/post"}],"author":[{"embeddable":true,"href":"https:\/\/www.europeancoalitions.eu\/fr\/wp-json\/wp\/v2\/users\/5"}],"replies":[{"embeddable":true,"href":"https:\/\/www.europeancoalitions.eu\/fr\/wp-json\/wp\/v2\/comments?post=8945"}],"version-history":[{"count":0,"href":"https:\/\/www.europeancoalitions.eu\/fr\/wp-json\/wp\/v2\/posts\/8945\/revisions"}],"wp:featuredmedia":[{"embeddable":true,"href":"https:\/\/www.europeancoalitions.eu\/fr\/wp-json\/wp\/v2\/media\/8696"}],"wp:attachment":[{"href":"https:\/\/www.europeancoalitions.eu\/fr\/wp-json\/wp\/v2\/media?parent=8945"}],"wp:term":[{"taxonomy":"category","embeddable":true,"href":"https:\/\/www.europeancoalitions.eu\/fr\/wp-json\/wp\/v2\/categories?post=8945"},{"taxonomy":"post_tag","embeddable":true,"href":"https:\/\/www.europeancoalitions.eu\/fr\/wp-json\/wp\/v2\/tags?post=8945"}],"curies":[{"name":"wp","href":"https:\/\/api.w.org\/{rel}","templated":true}]}}