{"id":7944,"date":"2025-02-20T11:14:00","date_gmt":"2025-02-20T11:14:00","guid":{"rendered":"https:\/\/www.europeancoalitions.eu\/?p=7944"},"modified":"2025-03-07T11:15:31","modified_gmt":"2025-03-07T11:15:31","slug":"bilan-du-comite-intergouvernemental-de-lunesco","status":"publish","type":"post","link":"https:\/\/www.europeancoalitions.eu\/fr\/actualites\/bilan-du-comite-intergouvernemental-de-lunesco\/","title":{"rendered":"Bilan du Comit\u00e9 Intergouvernemental de l\u2019UNESCO"},"content":{"rendered":"\n<p>Du 10 au 14 f\u00e9vrier 2025, Paris a accueilli la <strong>18e <a href=\"https:\/\/www.unesco.org\/creativity\/fr\/statutory-meeting\/eighteenth-session-intergovernmental-committee\">session<\/a> du Comit\u00e9 intergouvernemental de la Convention de 2005 sur la diversit\u00e9 des expressions culturelles de l\u2019UNESCO<\/strong>, r\u00e9unissant l\u2019ensemble des \u00c9tats parties.<\/p>\n\n\n\n<p>En parall\u00e8le de cet \u00e9v\u00e9nement, la <strong>F\u00e9d\u00e9ration Internationale des Coalitions pour la Diversit\u00e9 Culturelle (FICDC)<\/strong> a organis\u00e9 le 12 f\u00e9vrier un \u00e9v\u00e9nement consacr\u00e9 aux <strong><a href=\"https:\/\/unesdoc.unesco.org\/ark:\/48223\/pf0000392215\">recommandations<\/a> du groupe d\u2019experts de l\u2019UNESCO sur la diversit\u00e9 des expressions culturelles dans l\u2019environnement num\u00e9rique<\/strong>, intitul\u00e9 <em>\u00ab Faire rayonner nos cultures \u00e0 l\u2019\u00e8re du num\u00e9rique \u00bb<\/em>.<\/p>\n\n\n\n<p>L\u2019\u00e9v\u00e9nement organis\u00e9 par la FICDC, en pr\u00e9sence du directeur g\u00e9n\u00e9ral adjoint de l\u2019UNESCO, Ernesto Ottone, a \u00e9t\u00e9 notamment \u00e9t\u00e9 l\u2019occasion de revenir sur la principale pr\u00e9conisation du groupe d\u2019experts&nbsp;: l\u2019\u00e9laboration d\u2019un <strong>protocole additionnel \u00e0 la <a href=\"https:\/\/unesdoc.unesco.org\/ark:\/48223\/pf0000246264_frede\">Convention<\/a> de 2005 sur la protection et la promotion de la diversit\u00e9 des expressions culturelles<\/strong>, int\u00e9grant des dispositions sp\u00e9cifiques \u00e0 l\u2019environnement num\u00e9rique et \u00e0 l\u2019IA.<\/p>\n\n\n\n<p>Le 13 f\u00e9vrier, les \u00c9tats parties ont assist\u00e9 \u00e0 la pr\u00e9sentation de ces recommandations. Bien que <strong>le protocole additionnel n\u2019ait pas \u00e9t\u00e9 adopt\u00e9 \u00e0 ce stade<\/strong>, plusieurs \u00c9tats ont reconnu la n\u00e9cessit\u00e9 d\u2019agir pour prot\u00e9ger les cr\u00e9ateurs et auteurs face aux transformations du num\u00e9rique et aux risques pos\u00e9s par l\u2019IA g\u00e9n\u00e9rative. Cette question sera r\u00e9examin\u00e9e lors de la <strong>prochaine Conf\u00e9rence des Etats-Parties (COP) en juin 2025<\/strong>, o\u00f9 un plan d\u2019action d\u00e9taill\u00e9 sera propos\u00e9 pour la mise en \u0153uvre des dix recommandations, avec une implication renforc\u00e9e de la soci\u00e9t\u00e9 civile.<\/p>\n\n\n\n<p>Pour aller plus loin, la <strong>FICDC<\/strong> a dress\u00e9 un <strong><a href=\"https:\/\/ficdc.org\/fr\/publications\/cig-2025-bilan\/\">compte-rendu<\/a><\/strong> de sa participation \u00e0 ce Comit\u00e9.<\/p>\n","protected":false},"excerpt":{"rendered":"<p>Du 10 au 14 f\u00e9vrier 2025, Paris a accueilli la 18e session du Comit\u00e9 intergouvernemental de la Convention de 2005 sur la diversit\u00e9 des expressions culturelles de l\u2019UNESCO, r\u00e9unissant l\u2019ensemble des \u00c9tats parties. En parall\u00e8le de cet \u00e9v\u00e9nement, la F\u00e9d\u00e9ration Internationale des Coalitions pour la Diversit\u00e9 Culturelle (FICDC) a organis\u00e9 le 12 f\u00e9vrier un \u00e9v\u00e9nement [&hellip;]<\/p>\n","protected":false},"author":5,"featured_media":602,"comment_status":"closed","ping_status":"closed","sticky":false,"template":"","format":"standard","meta":{"_acf_changed":false,"site-sidebar-layout":"default","site-content-layout":"","ast-site-content-layout":"default","site-content-style":"default","site-sidebar-style":"default","ast-global-header-display":"","ast-banner-title-visibility":"","ast-main-header-display":"","ast-hfb-above-header-display":"","ast-hfb-below-header-display":"","ast-hfb-mobile-header-display":"","site-post-title":"","ast-breadcrumbs-content":"","ast-featured-img":"","footer-sml-layout":"","theme-transparent-header-meta":"","adv-header-id-meta":"","stick-header-meta":"","header-above-stick-meta":"","header-main-stick-meta":"","header-below-stick-meta":"","astra-migrate-meta-layouts":"set","ast-page-background-enabled":"default","ast-page-background-meta":{"desktop":{"background-color":"var(--ast-global-color-4)","background-image":"","background-repeat":"repeat","background-position":"center center","background-size":"auto","background-attachment":"scroll","background-type":"","background-media":"","overlay-type":"","overlay-color":"","overlay-opacity":"","overlay-gradient":""},"tablet":{"background-color":"","background-image":"","background-repeat":"repeat","background-position":"center center","background-size":"auto","background-attachment":"scroll","background-type":"","background-media":"","overlay-type":"","overlay-color":"","overlay-opacity":"","overlay-gradient":""},"mobile":{"background-color":"","background-image":"","background-repeat":"repeat","background-position":"center center","background-size":"auto","background-attachment":"scroll","background-type":"","background-media":"","overlay-type":"","overlay-color":"","overlay-opacity":"","overlay-gradient":""}},"ast-content-background-meta":{"desktop":{"background-color":"var(--ast-global-color-5)","background-image":"","background-repeat":"repeat","background-position":"center center","background-size":"auto","background-attachment":"scroll","background-type":"","background-media":"","overlay-type":"","overlay-color":"","overlay-opacity":"","overlay-gradient":""},"tablet":{"background-color":"var(--ast-global-color-5)","background-image":"","background-repeat":"repeat","background-position":"center center","background-size":"auto","background-attachment":"scroll","background-type":"","background-media":"","overlay-type":"","overlay-color":"","overlay-opacity":"","overlay-gradient":""},"mobile":{"background-color":"var(--ast-global-color-5)","background-image":"","background-repeat":"repeat","background-position":"center center","background-size":"auto","background-attachment":"scroll","background-type":"","background-media":"","overlay-type":"","overlay-color":"","overlay-opacity":"","overlay-gradient":""}},"pgc_sgb_lightbox_settings":"","wds_primary_category":31,"footnotes":""},"categories":[31],"tags":[80,81,52,79],"class_list":["post-7944","post","type-post","status-publish","format-standard","has-post-thumbnail","hentry","category-actualites","tag-convention-2005","tag-digital-2","tag-diversite-culturelle","tag-unesco-2"],"acf":[],"_links":{"self":[{"href":"https:\/\/www.europeancoalitions.eu\/fr\/wp-json\/wp\/v2\/posts\/7944","targetHints":{"allow":["GET"]}}],"collection":[{"href":"https:\/\/www.europeancoalitions.eu\/fr\/wp-json\/wp\/v2\/posts"}],"about":[{"href":"https:\/\/www.europeancoalitions.eu\/fr\/wp-json\/wp\/v2\/types\/post"}],"author":[{"embeddable":true,"href":"https:\/\/www.europeancoalitions.eu\/fr\/wp-json\/wp\/v2\/users\/5"}],"replies":[{"embeddable":true,"href":"https:\/\/www.europeancoalitions.eu\/fr\/wp-json\/wp\/v2\/comments?post=7944"}],"version-history":[{"count":0,"href":"https:\/\/www.europeancoalitions.eu\/fr\/wp-json\/wp\/v2\/posts\/7944\/revisions"}],"wp:featuredmedia":[{"embeddable":true,"href":"https:\/\/www.europeancoalitions.eu\/fr\/wp-json\/wp\/v2\/media\/602"}],"wp:attachment":[{"href":"https:\/\/www.europeancoalitions.eu\/fr\/wp-json\/wp\/v2\/media?parent=7944"}],"wp:term":[{"taxonomy":"category","embeddable":true,"href":"https:\/\/www.europeancoalitions.eu\/fr\/wp-json\/wp\/v2\/categories?post=7944"},{"taxonomy":"post_tag","embeddable":true,"href":"https:\/\/www.europeancoalitions.eu\/fr\/wp-json\/wp\/v2\/tags?post=7944"}],"curies":[{"name":"wp","href":"https:\/\/api.w.org\/{rel}","templated":true}]}}