{"id":7847,"date":"2025-02-26T15:29:12","date_gmt":"2025-02-26T15:29:12","guid":{"rendered":"https:\/\/www.europeancoalitions.eu\/?p=7847"},"modified":"2025-02-28T14:10:00","modified_gmt":"2025-02-28T14:10:00","slug":"communique-de-presse-menaces-americaines-inacceptables-contre-la-reglementation-numerique-de-lue-qui-sapplique-sans-discrimination-a-toutes-les-entreprises-quelles-soient-americaines-europee","status":"publish","type":"post","link":"https:\/\/www.europeancoalitions.eu\/fr\/positions-fr\/communique-de-presse-menaces-americaines-inacceptables-contre-la-reglementation-numerique-de-lue-qui-sapplique-sans-discrimination-a-toutes-les-entreprises-quelles-soient-americaines-europee\/","title":{"rendered":"Communiqu\u00e9 de presse : Menaces am\u00e9ricaines inacceptables contre la r\u00e9glementation num\u00e9rique de l&rsquo;UE qui s&rsquo;applique sans discrimination \u00e0 toutes les entreprises, qu&rsquo;elles soient am\u00e9ricaines, europ\u00e9ennes ou non"},"content":{"rendered":"\n<p>Les Coalitions europ\u00e9ennes pour la diversit\u00e9 culturelle (CEDC) expriment leur profonde inqui\u00e9tude face au <strong>m\u00e9morandum <\/strong>sign\u00e9 par le <strong>Pr\u00e9sident des Etats-Unis <\/strong>le 21 f\u00e9vrier, qui remet en <strong>cause la r\u00e9glementation num\u00e9rique de l&rsquo;Union europ\u00e9enne<\/strong> et rouvre l&rsquo;<strong>enqu\u00eate sur les taxes sur les services num\u00e9riques<\/strong> au titre de la section 301.<\/p>\n\n\n\n<p>Cette d\u00e9marche agressive, qui vise directement des textes fondamentaux comme le <a href=\"https:\/\/eur-lex.europa.eu\/legal-content\/FR\/TXT\/HTML\/?uri=CELEX:32022R1925\">R\u00e8glement sur les march\u00e9s num\u00e9riques<\/a> (DMA) et le <a href=\"https:\/\/eur-lex.europa.eu\/legal-content\/FR\/TXT\/HTML\/?uri=CELEX:32022R2065\">R\u00e8glement sur les services num\u00e9riques<\/a> (DSA) et potentiellement d&rsquo;autres textes r\u00e9glementant le num\u00e9rique, constitue une <strong>atteinte inacceptable<\/strong> \u00e0 la <strong>souverainet\u00e9 r\u00e9glementaire de l&rsquo;Union europ\u00e9enne<\/strong>.<\/p>\n\n\n\n<p>L&rsquo;accusation selon laquelle ces r\u00e9glementations entraveraient la <em>\u00ab libert\u00e9 d&rsquo;expression \u00bb <\/em>ou constitueraient une <em>\u00ab extorsion \u00bb<\/em> \u00e0 l&rsquo;encontre des entreprises am\u00e9ricaines est infond\u00e9e. Elle remet en cause les efforts d\u00e9ploy\u00e9s pour cr\u00e9er un environnement \u00e9quitable et transparent pour tous les acteurs du num\u00e9rique. Par ailleurs, ces r\u00e8gles <strong>ne visent aucune entreprise en particulier<\/strong>, comme il a \u00e9t\u00e9 faussement affirm\u00e9, et <strong>s&rsquo;appliquent \u00e0 toutes les entreprises, qu&rsquo;elles soient am\u00e9ricaines, europ\u00e9ennes ou non,<\/strong> sans discrimination.<\/p>\n\n\n\n<p>Ces r\u00e8gles num\u00e9riques visent \u00e0 garantir un cadre \u00e9quilibr\u00e9 et respectueux des valeurs fondamentales de l&rsquo;Union, y compris la <strong>promotion de la diversit\u00e9 culturelle<\/strong>.<\/p>\n\n\n\n<p>De la directive sur les services de m\u00e9dias audiovisuels \u00e0 la directive sur le droit d&rsquo;auteur en passant par le r\u00e8glement sur l&rsquo;IA, l&rsquo;Union europ\u00e9enne a d\u00e9mocratiquement mis en place des mesures essentielles pour :<\/p>\n\n\n\n<ul class=\"wp-block-list\">\n<li>Assurer la vitalit\u00e9 de la production locale et la diversit\u00e9 des \u0153uvres cr\u00e9atives europ\u00e9ennes<\/li>\n\n\n\n<li>D\u00e9fendre la propri\u00e9t\u00e9 intellectuelle<\/li>\n\n\n\n<li>Garantir des conditions de concurrence plus \u00e9quitables pour les secteurs europ\u00e9ens de la cr\u00e9ation et de la culture sur le march\u00e9 mondial<\/li>\n\n\n\n<li>Garantir une r\u00e9mun\u00e9ration \u00e9quitable pour les cr\u00e9ateurs<\/li>\n<\/ul>\n\n\n\n<p>Face \u00e0 cette tentative de pression injustifi\u00e9e, les CEDC appellent la <strong>Commission europ\u00e9enne<\/strong>, le <strong>Conseil de l&rsquo;Union europ\u00e9enne<\/strong> et le <strong>Parlement europ\u00e9en<\/strong> \u00e0 r\u00e9affirmer avec force leur engagement en faveur d&rsquo;une <strong>r\u00e9glementation \u00e9quitable<\/strong> qui prot\u00e8ge les int\u00e9r\u00eats europ\u00e9ens et garantisse la <strong>pr\u00e9servation d&rsquo;un espace culturel dynamique<\/strong> et riche de sa <strong>diversit\u00e9<\/strong>. Ils doivent refuser de d\u00e9manteler les politiques d\u00e9j\u00e0 mises en \u0153uvre d\u00e9mocratiquement en faveur de la diversit\u00e9 culturelle et ne pas exclure pr\u00e9ventivement toute nouvelle initiative que le d\u00e9veloppement de l&rsquo;\u00e9conomie num\u00e9rique pourrait justifier.<\/p>\n\n\n\n<p>A l&rsquo;heure o\u00f9 le num\u00e9rique et l&rsquo;intelligence artificielle transforment profond\u00e9ment les secteurs culturels, il est plus que jamais crucial que l&rsquo;Europe reste un espace qui favorise la diversit\u00e9 de la cr\u00e9ation et o\u00f9 la diversit\u00e9 culturelle, les droits des cr\u00e9ateurs et des ayants droit sont garantis.<\/p>\n\n\n\n<p>Le CEDC resteront vigilantes et mobilis\u00e9es pour d\u00e9fendre ces principes fondamentaux face aux tentatives de d\u00e9r\u00e9gulation et aux pressions ext\u00e9rieures.<\/p>\n","protected":false},"excerpt":{"rendered":"<p>Les Coalitions europ\u00e9ennes pour la diversit\u00e9 culturelle (CEDC) expriment leur profonde inqui\u00e9tude face au m\u00e9morandum sign\u00e9 par le Pr\u00e9sident des Etats-Unis le 21 f\u00e9vrier, qui remet en cause la r\u00e9glementation num\u00e9rique de l&rsquo;Union europ\u00e9enne et rouvre l&rsquo;enqu\u00eate sur les taxes sur les services num\u00e9riques au titre de la section 301. Cette d\u00e9marche agressive, qui vise [&hellip;]<\/p>\n","protected":false},"author":5,"featured_media":942,"comment_status":"closed","ping_status":"closed","sticky":false,"template":"","format":"standard","meta":{"_acf_changed":false,"site-sidebar-layout":"default","site-content-layout":"","ast-site-content-layout":"default","site-content-style":"default","site-sidebar-style":"default","ast-global-header-display":"","ast-banner-title-visibility":"","ast-main-header-display":"","ast-hfb-above-header-display":"","ast-hfb-below-header-display":"","ast-hfb-mobile-header-display":"","site-post-title":"","ast-breadcrumbs-content":"","ast-featured-img":"","footer-sml-layout":"","theme-transparent-header-meta":"","adv-header-id-meta":"","stick-header-meta":"","header-above-stick-meta":"","header-main-stick-meta":"","header-below-stick-meta":"","astra-migrate-meta-layouts":"set","ast-page-background-enabled":"default","ast-page-background-meta":{"desktop":{"background-color":"var(--ast-global-color-4)","background-image":"","background-repeat":"repeat","background-position":"center center","background-size":"auto","background-attachment":"scroll","background-type":"","background-media":"","overlay-type":"","overlay-color":"","overlay-opacity":"","overlay-gradient":""},"tablet":{"background-color":"","background-image":"","background-repeat":"repeat","background-position":"center center","background-size":"auto","background-attachment":"scroll","background-type":"","background-media":"","overlay-type":"","overlay-color":"","overlay-opacity":"","overlay-gradient":""},"mobile":{"background-color":"","background-image":"","background-repeat":"repeat","background-position":"center center","background-size":"auto","background-attachment":"scroll","background-type":"","background-media":"","overlay-type":"","overlay-color":"","overlay-opacity":"","overlay-gradient":""}},"ast-content-background-meta":{"desktop":{"background-color":"var(--ast-global-color-5)","background-image":"","background-repeat":"repeat","background-position":"center center","background-size":"auto","background-attachment":"scroll","background-type":"","background-media":"","overlay-type":"","overlay-color":"","overlay-opacity":"","overlay-gradient":""},"tablet":{"background-color":"var(--ast-global-color-5)","background-image":"","background-repeat":"repeat","background-position":"center center","background-size":"auto","background-attachment":"scroll","background-type":"","background-media":"","overlay-type":"","overlay-color":"","overlay-opacity":"","overlay-gradient":""},"mobile":{"background-color":"var(--ast-global-color-5)","background-image":"","background-repeat":"repeat","background-position":"center center","background-size":"auto","background-attachment":"scroll","background-type":"","background-media":"","overlay-type":"","overlay-color":"","overlay-opacity":"","overlay-gradient":""}},"pgc_sgb_lightbox_settings":"","wds_primary_category":32,"footnotes":""},"categories":[32],"tags":[55,52,53,51,54],"class_list":["post-7847","post","type-post","status-publish","format-standard","has-post-thumbnail","hentry","category-positions-fr","tag-communique-de-presse","tag-diversite-culturelle","tag-etats-unis","tag-numerique","tag-souverainete"],"acf":[],"_links":{"self":[{"href":"https:\/\/www.europeancoalitions.eu\/fr\/wp-json\/wp\/v2\/posts\/7847","targetHints":{"allow":["GET"]}}],"collection":[{"href":"https:\/\/www.europeancoalitions.eu\/fr\/wp-json\/wp\/v2\/posts"}],"about":[{"href":"https:\/\/www.europeancoalitions.eu\/fr\/wp-json\/wp\/v2\/types\/post"}],"author":[{"embeddable":true,"href":"https:\/\/www.europeancoalitions.eu\/fr\/wp-json\/wp\/v2\/users\/5"}],"replies":[{"embeddable":true,"href":"https:\/\/www.europeancoalitions.eu\/fr\/wp-json\/wp\/v2\/comments?post=7847"}],"version-history":[{"count":0,"href":"https:\/\/www.europeancoalitions.eu\/fr\/wp-json\/wp\/v2\/posts\/7847\/revisions"}],"wp:featuredmedia":[{"embeddable":true,"href":"https:\/\/www.europeancoalitions.eu\/fr\/wp-json\/wp\/v2\/media\/942"}],"wp:attachment":[{"href":"https:\/\/www.europeancoalitions.eu\/fr\/wp-json\/wp\/v2\/media?parent=7847"}],"wp:term":[{"taxonomy":"category","embeddable":true,"href":"https:\/\/www.europeancoalitions.eu\/fr\/wp-json\/wp\/v2\/categories?post=7847"},{"taxonomy":"post_tag","embeddable":true,"href":"https:\/\/www.europeancoalitions.eu\/fr\/wp-json\/wp\/v2\/tags?post=7847"}],"curies":[{"name":"wp","href":"https:\/\/api.w.org\/{rel}","templated":true}]}}